{"id":1372,"date":"2018-06-29T11:57:32","date_gmt":"2018-06-29T09:57:32","guid":{"rendered":"http:\/\/www.ultranima.ch\/mediane\/?p=1372"},"modified":"2018-06-29T11:58:45","modified_gmt":"2018-06-29T09:58:45","slug":"colloque-gemme-sur-la-conciliation-le-26-09-2018","status":"publish","type":"post","link":"https:\/\/www.ultranima.ch\/mediane\/colloque-gemme-sur-la-conciliation-le-26-09-2018\/","title":{"rendered":"Colloque GEMME sur la conciliation, le 26.09.2018"},"content":{"rendered":"<div class=\"fusion-fullwidth fullwidth-box fusion-builder-row-1 nonhundred-percent-fullwidth non-hundred-percent-height-scrolling\" style=\"--awb-border-radius-top-left:0px;--awb-border-radius-top-right:0px;--awb-border-radius-bottom-right:0px;--awb-border-radius-bottom-left:0px;--awb-flex-wrap:wrap;\" ><div class=\"fusion-builder-row fusion-row\"><div class=\"fusion-layout-column fusion_builder_column fusion-builder-column-0 fusion_builder_column_2_3 2_3 fusion-two-third fusion-column-first\" style=\"--awb-padding-top:60px;--awb-padding-right:40px;--awb-padding-bottom:60px;--awb-padding-left:40px;--awb-bg-color:#ffffff;--awb-bg-color-hover:#ffffff;--awb-bg-size:cover;width:66.666666666667%;width:calc(66.666666666667% - ( ( 4% ) * 0.66666666666667 ) );margin-right: 4%;\"><div class=\"fusion-column-wrapper fusion-flex-column-wrapper-legacy\"><div class=\"fusion-text fusion-text-1\"><p>Colloque de l&rsquo;association GEMME-Suisse ayant pour th\u00e8me :<\/p>\n<p>La conciliation, une question d&rsquo;atmosph\u00e8re ?<br \/>\nL&rsquo;influence des contextes<\/p>\n<p>Mercredi 26 septembre 2018<br \/>\nde 13h30 \u00e0 17h30<br \/>\n\u00e0 L&rsquo;Universit\u00e9 de Fribourg, B\u00e2timent de la Formation Continue, Rue de Rome 6<\/p>\n<p>Inscription obligatoire, cf. le flyer ci-joint.<\/p>\n<\/div><div class=\"fusion-clearfix\"><\/div><\/div><\/div><div class=\"fusion-layout-column fusion_builder_column fusion-builder-column-1 fusion_builder_column_1_3 1_3 fusion-one-third fusion-column-last\" style=\"--awb-padding-top:40px;--awb-padding-right:60px;--awb-padding-bottom:60px;--awb-padding-left:40px;--awb-bg-color:#ffffff;--awb-bg-color-hover:#ffffff;--awb-bg-size:cover;width:33.333333333333%;width:calc(33.333333333333% - ( ( 4% ) * 0.33333333333333 ) );\"><div class=\"fusion-column-wrapper fusion-flex-column-wrapper-legacy\"><div class=\"fusion-text fusion-text-2\"><p><div class=\"fusion-fa-align-left\"><i class=\"fb-icon-element-1 fb-icon-element fontawesome-icon fa-file-pdf fas circle-no\" style=\"--awb-iconcolor:#0080b7;--awb-iconcolor-hover:#0080b7;--awb-font-size:32px;--awb-margin-right:16px;\"><\/i><\/div>\u00a0<a href=\"https:\/\/www.ultranima.ch\/mediane\/files\/2018\/06\/GEMME-Suisse-2018.pdf\">Infos suppl\u00e9mentaires<\/a><\/p>\n<\/div><div class=\"fusion-clearfix\"><\/div><\/div><\/div><\/div><\/div>\n","protected":false},"excerpt":{"rendered":"","protected":false},"author":1,"featured_media":0,"comment_status":"open","ping_status":"open","sticky":false,"template":"","format":"standard","meta":{"footnotes":""},"categories":[25],"tags":[],"class_list":["post-1372","post","type-post","status-publish","format-standard","hentry","category-promotion"],"_links":{"self":[{"href":"https:\/\/www.ultranima.ch\/mediane\/wp-json\/wp\/v2\/posts\/1372","targetHints":{"allow":["GET"]}}],"collection":[{"href":"https:\/\/www.ultranima.ch\/mediane\/wp-json\/wp\/v2\/posts"}],"about":[{"href":"https:\/\/www.ultranima.ch\/mediane\/wp-json\/wp\/v2\/types\/post"}],"author":[{"embeddable":true,"href":"https:\/\/www.ultranima.ch\/mediane\/wp-json\/wp\/v2\/users\/1"}],"replies":[{"embeddable":true,"href":"https:\/\/www.ultranima.ch\/mediane\/wp-json\/wp\/v2\/comments?post=1372"}],"version-history":[{"count":2,"href":"https:\/\/www.ultranima.ch\/mediane\/wp-json\/wp\/v2\/posts\/1372\/revisions"}],"predecessor-version":[{"id":1375,"href":"https:\/\/www.ultranima.ch\/mediane\/wp-json\/wp\/v2\/posts\/1372\/revisions\/1375"}],"wp:attachment":[{"href":"https:\/\/www.ultranima.ch\/mediane\/wp-json\/wp\/v2\/media?parent=1372"}],"wp:term":[{"taxonomy":"category","embeddable":true,"href":"https:\/\/www.ultranima.ch\/mediane\/wp-json\/wp\/v2\/categories?post=1372"},{"taxonomy":"post_tag","embeddable":true,"href":"https:\/\/www.ultranima.ch\/mediane\/wp-json\/wp\/v2\/tags?post=1372"}],"curies":[{"name":"wp","href":"https:\/\/api.w.org\/{rel}","templated":true}]}}