{"id":1363,"date":"2018-06-29T11:07:37","date_gmt":"2018-06-29T09:07:37","guid":{"rendered":"http:\/\/www.ultranima.ch\/mediane\/?p=1363"},"modified":"2018-06-29T11:13:23","modified_gmt":"2018-06-29T09:13:23","slug":"lunch-conference-le-16-novembre-2018","status":"publish","type":"post","link":"https:\/\/www.ultranima.ch\/mediane\/lunch-conference-le-16-novembre-2018\/","title":{"rendered":"Lunch-conf\u00e9rence, le 16 novembre 2018"},"content":{"rendered":"<div class=\"fusion-fullwidth fullwidth-box fusion-builder-row-1 nonhundred-percent-fullwidth non-hundred-percent-height-scrolling\" style=\"--awb-border-radius-top-left:0px;--awb-border-radius-top-right:0px;--awb-border-radius-bottom-right:0px;--awb-border-radius-bottom-left:0px;--awb-flex-wrap:wrap;\" ><div class=\"fusion-builder-row fusion-row\"><div class=\"fusion-layout-column fusion_builder_column fusion-builder-column-0 fusion_builder_column_2_3 2_3 fusion-two-third fusion-column-first\" style=\"--awb-padding-top:40px;--awb-padding-right:60px;--awb-padding-bottom:40px;--awb-padding-left:60px;--awb-bg-color:#ffffff;--awb-bg-color-hover:#ffffff;--awb-bg-size:cover;width:66.666666666667%;width:calc(66.666666666667% - ( ( 4% ) * 0.66666666666667 ) );margin-right: 4%;\"><div class=\"fusion-column-wrapper fusion-flex-column-wrapper-legacy\"><div class=\"fusion-text fusion-text-1\"><p><strong>La m\u00e9diation administrative : l&rsquo;exp\u00e9rience du canton de Vaud<\/strong><br \/>\n<em>Pr\u00e9sentation de M. Christian Raetz, m\u00e9diateur cantonal.<\/em><\/p>\n<p>Cette conf\u00e9rence a lieu \u00e0 midi au th\u00e9\u00e2tre du passage.<br \/>\nPour de plus amples renseignements cf. document annex\u00e9.<\/p>\n<\/div><div class=\"fusion-clearfix\"><\/div><\/div><\/div><div class=\"fusion-layout-column fusion_builder_column fusion-builder-column-1 fusion_builder_column_1_3 1_3 fusion-one-third fusion-column-last\" style=\"--awb-padding-top:40px;--awb-padding-right:60px;--awb-padding-bottom:40px;--awb-padding-left:60px;--awb-bg-color:#ffffff;--awb-bg-color-hover:#ffffff;--awb-bg-size:cover;width:33.333333333333%;width:calc(33.333333333333% - ( ( 4% ) * 0.33333333333333 ) );\"><div class=\"fusion-column-wrapper fusion-flex-column-wrapper-legacy\"><div class=\"fusion-text fusion-text-2\"><p><div class=\"fusion-fa-align-left\"><i class=\"fb-icon-element-1 fb-icon-element fontawesome-icon fa-file-pdf fas circle-no\" style=\"--awb-iconcolor:#0080b7;--awb-iconcolor-hover:#0080b7;--awb-font-size:32px;--awb-margin-right:16px;\"><\/i><\/div>\u00a0<a href=\"https:\/\/www.ultranima.ch\/mediane\/files\/2018\/06\/Lunch-conf_16-11-2018.pdf\">Infos suppl\u00e9mentaires<\/a><\/p>\n<\/div><div class=\"fusion-clearfix\"><\/div><\/div><\/div><\/div><\/div>\n","protected":false},"excerpt":{"rendered":"","protected":false},"author":1,"featured_media":0,"comment_status":"open","ping_status":"open","sticky":false,"template":"","format":"standard","meta":{"footnotes":""},"categories":[25],"tags":[],"class_list":["post-1363","post","type-post","status-publish","format-standard","hentry","category-promotion"],"_links":{"self":[{"href":"https:\/\/www.ultranima.ch\/mediane\/wp-json\/wp\/v2\/posts\/1363","targetHints":{"allow":["GET"]}}],"collection":[{"href":"https:\/\/www.ultranima.ch\/mediane\/wp-json\/wp\/v2\/posts"}],"about":[{"href":"https:\/\/www.ultranima.ch\/mediane\/wp-json\/wp\/v2\/types\/post"}],"author":[{"embeddable":true,"href":"https:\/\/www.ultranima.ch\/mediane\/wp-json\/wp\/v2\/users\/1"}],"replies":[{"embeddable":true,"href":"https:\/\/www.ultranima.ch\/mediane\/wp-json\/wp\/v2\/comments?post=1363"}],"version-history":[{"count":3,"href":"https:\/\/www.ultranima.ch\/mediane\/wp-json\/wp\/v2\/posts\/1363\/revisions"}],"predecessor-version":[{"id":1370,"href":"https:\/\/www.ultranima.ch\/mediane\/wp-json\/wp\/v2\/posts\/1363\/revisions\/1370"}],"wp:attachment":[{"href":"https:\/\/www.ultranima.ch\/mediane\/wp-json\/wp\/v2\/media?parent=1363"}],"wp:term":[{"taxonomy":"category","embeddable":true,"href":"https:\/\/www.ultranima.ch\/mediane\/wp-json\/wp\/v2\/categories?post=1363"},{"taxonomy":"post_tag","embeddable":true,"href":"https:\/\/www.ultranima.ch\/mediane\/wp-json\/wp\/v2\/tags?post=1363"}],"curies":[{"name":"wp","href":"https:\/\/api.w.org\/{rel}","templated":true}]}}